{"id":74,"date":"2021-07-30T11:24:00","date_gmt":"2021-07-30T11:24:00","guid":{"rendered":"https:\/\/museodecombarro.armadinha.gal\/?p=74"},"modified":"2021-08-03T06:17:40","modified_gmt":"2021-08-03T06:17:40","slug":"a-semana-do-museo-de-combarro","status":"publish","type":"post","link":"https:\/\/museodecombarro.armadinha.gal\/?p=74","title":{"rendered":"A SEMANA DO MUSEO DE COMBARRO"},"content":{"rendered":"\n<h4 class=\"wp-block-heading\">A asociaci\u00f3n Armadi\u00f1a programa un conxunto de actividades ligadas ao proxecto muse\u00edstico Mus.Co do 2 ao 7 de agosto.<br><\/h4>\n\n\n\n<p><br>Mus.Co cobra vida para a pr\u00f3xima semana. O proxecto muse\u00edstico que pretende implantar o colectivo Armadi\u00f1a en Combarro d\u00e1 o seu primeiro chanzo. Do 2 ao 7 de agosto, o Fogar Armadi\u00f1a &#8211; local social da asociaci\u00f3n- convertirase na primeira sala de exposici\u00f3n de Mus.Co e a programaci\u00f3n incl\u00fae actividades para co\u00f1ecer o patrimonio da nosa vila.<\/p>\n\n\n\n<p>Na SEMANA DO MUSEO DE COMBARRO a asociaci\u00f3n quere mostrar a veci\u00f1anza as posibilidades que ter\u00eda un museo na vila mari\u00f1eira. Ademais, \u00e9 o primeiro chanzo para ensinar o traballo realizado nos \u00faltimos tempos, as\u00ed como mostrar o desenvolvemento evolutivo para construir un museo co apoio da veci\u00f1anza.<\/p>\n\n\n\n<p>Armadi\u00f1a convidar\u00e1 a xente de Combarro a colgar unhas bandeiras co lema \u201cAS NOSAS RAICES\u201d durante toda a semana que v\u00e9n, para mostrar o apoio a Mus.Co e reivindicar a necesidade dun espazo muse\u00edstico nunha vila con tanta historia e tan visitada como Combarro.<\/p>\n\n\n\n<p>A primeira sala de Mus.Co ser\u00e1 \u201cA MULLER E O MAR\u201d, esta exposici\u00f3n pretende amosar a realidade coa que conviviu a muller galega entre os s\u00e9culos XVIII e XX. Mus.Co abrir\u00e1 as portas o luns 2 \u00e1s 12:00h no Fogar Armadi\u00f1a (Baixada a Chousa, 11 Baixo), e permanecer\u00e1 abert\u00e1 at\u00e9 o s\u00e1bado 7. O seu horario ser\u00e1 de 11:00 -13:00h e de 17:00-20:00.<\/p>\n\n\n\n<p>O m\u00e9rcores 4 \u00e1s 20:00 no local social, Armadi\u00f1a presentar\u00e1 Mus.Co para que toda a veci\u00f1anza interesada poda co\u00f1ecer m\u00e1is afondo o proxecto que o colectivo ten para a constituci\u00f3n do MUSEO DE COMBARRO.<\/p>\n\n\n\n<p>Do xoves 5 a s\u00e1bado 7 \u00e1s 19:30 ser\u00e1 a quenda para o Teatro Infantil Armadi\u00f1a, que ser\u00e1n os encargados de guiar e dar a co\u00f1ecer dun xeito diferente a s\u00faa vila a trav\u00e9s dunhas visitas guiadas teatralizadas moi animadas.<\/p>\n\n\n\n<p>O venres 6 \u00e1s 22:00 haber\u00e1 unha visita nocturna aos petroglifos do Xuvi\u00f1o guiada polo arque\u00f3logo e compa\u00f1eiro Marcos Pad\u00edn. Sair\u00e1 do Fogar Armadi\u00f1a.<\/p>\n\n\n\n<p>Finalizar\u00e1n as actividades o s\u00e1bado 7 \u00e1s 20:30 na praza da Chousa con Xogando Miudi\u00f1o, un espazo de xogos tradicionais para gozar en familia.<\/p>\n\n\n\n<p>A SEMANA DO MUSEO DE COMBARRO conta coa axuda da Concellar\u00eda de Cultura do Concello de Poio e a Deputaci\u00f3n de Pontevedra. Ademais, colabora o Museo ANFACO da Industria Conserveira, GALP R\u00eda de Pontevedra e as Salgadeiras de Moreiras de O Grove.<\/p>\n","protected":false},"excerpt":{"rendered":"<p>A asociaci\u00f3n Armadi\u00f1a programa un conxunto de actividades ligadas ao proxecto muse\u00edstico Mus.Co do 2 ao 7 de agosto. Mus.Co cobra vida para a pr\u00f3xima semana. O proxecto muse\u00edstico que pretende implantar o colectivo Armadi\u00f1a en Combarro d\u00e1 o seu primeiro chanzo. Do 2 ao 7 de agosto, o Fogar Armadi\u00f1a &#8211; local social da&hellip;&nbsp;<a href=\"https:\/\/museodecombarro.armadinha.gal\/?p=74\" rel=\"bookmark\">Ler m\u00e1is &raquo;<span class=\"screen-reader-text\">A SEMANA DO MUSEO DE COMBARRO<\/span><\/a><\/p>\n","protected":false},"author":1,"featured_media":0,"comment_status":"closed","ping_status":"open","sticky":false,"template":"","format":"standard","meta":{"neve_meta_sidebar":"","neve_meta_container":"","neve_meta_enable_content_width":"","neve_meta_content_width":0,"neve_meta_title_alignment":"","neve_meta_author_avatar":"","neve_post_elements_order":"","neve_meta_disable_header":"","neve_meta_disable_footer":"","neve_meta_disable_title":"","footnotes":""},"categories":[3],"tags":[],"class_list":["post-74","post","type-post","status-publish","format-standard","hentry","category-noticias"],"_links":{"self":[{"href":"https:\/\/museodecombarro.armadinha.gal\/index.php?rest_route=\/wp\/v2\/posts\/74","targetHints":{"allow":["GET"]}}],"collection":[{"href":"https:\/\/museodecombarro.armadinha.gal\/index.php?rest_route=\/wp\/v2\/posts"}],"about":[{"href":"https:\/\/museodecombarro.armadinha.gal\/index.php?rest_route=\/wp\/v2\/types\/post"}],"author":[{"embeddable":true,"href":"https:\/\/museodecombarro.armadinha.gal\/index.php?rest_route=\/wp\/v2\/users\/1"}],"replies":[{"embeddable":true,"href":"https:\/\/museodecombarro.armadinha.gal\/index.php?rest_route=%2Fwp%2Fv2%2Fcomments&post=74"}],"version-history":[{"count":2,"href":"https:\/\/museodecombarro.armadinha.gal\/index.php?rest_route=\/wp\/v2\/posts\/74\/revisions"}],"predecessor-version":[{"id":90,"href":"https:\/\/museodecombarro.armadinha.gal\/index.php?rest_route=\/wp\/v2\/posts\/74\/revisions\/90"}],"wp:attachment":[{"href":"https:\/\/museodecombarro.armadinha.gal\/index.php?rest_route=%2Fwp%2Fv2%2Fmedia&parent=74"}],"wp:term":[{"taxonomy":"category","embeddable":true,"href":"https:\/\/museodecombarro.armadinha.gal\/index.php?rest_route=%2Fwp%2Fv2%2Fcategories&post=74"},{"taxonomy":"post_tag","embeddable":true,"href":"https:\/\/museodecombarro.armadinha.gal\/index.php?rest_route=%2Fwp%2Fv2%2Ftags&post=74"}],"curies":[{"name":"wp","href":"https:\/\/api.w.org\/{rel}","templated":true}]}}