{"id":71,"date":"2021-05-28T08:55:00","date_gmt":"2021-05-28T08:55:00","guid":{"rendered":"https:\/\/museodecombarro.armadinha.gal\/?p=71"},"modified":"2021-08-01T08:55:46","modified_gmt":"2021-08-01T08:55:46","slug":"mus-co-un-museo-para-combarro","status":"publish","type":"post","link":"https:\/\/museodecombarro.armadinha.gal\/?p=71","title":{"rendered":"MUS.CO, un museo para Combarro"},"content":{"rendered":"\n<h3 class=\"wp-block-heading\"><br>O Museo de Combarro (MUS.CO) xirar\u00e1 en torno a vida labrega e mari\u00f1eira, protexendo a cultura e tradici\u00f3n de Combarro.<\/h3>\n\n\n\n<p><br>Dende os anos 50, persoas e colectivos traballaron para a creaci\u00f3n dun Museo na nosa vila que recollese a tradici\u00f3n labrego-mari\u00f1eira que caracteriza ao noso conxunto hist\u00f3rico. Dende fai xa m\u00e1is dun ano, a Asociaci\u00f3n Armadi\u00f1a leva estudando estas iniciativas, adapt\u00e1ndoas aos novos tempos e definindo un proxecto muse\u00edstico sostible e comunitario, enfocado a salvagarda da identidade labrego-mari\u00f1eira no marco dun Combarro moderno.<\/p>\n\n\n\n<p>O noso proxecto ten coma finalidade o establecemento dun museo etnogr\u00e1fico e popular en Combarro, que naza dende a estreita colaboraci\u00f3n da veci\u00f1anza coas administraci\u00f3ns, mediante o traballo colectivo caracterizado no movemento asociativo. O Museo de Combarro estar\u00eda xestionado mediante un Padroado, entidade que ter\u00e1 o car\u00e1cter dunha fundaci\u00f3n p\u00fablica, e para a cal, a Armadi\u00f1a convidar\u00e1 aos outros colectivos culturais e administraci\u00f3ns a participar.<\/p>\n\n\n\n<p>Este \u00e9 un plan ambicioso, e non pretendemos fundar o centro a curto prazo. Non obstante, a nosa concepci\u00f3n final de Museo e o de establecer un organismo para a salvagarda das costumes e identidade, \u00e1 vez que valoramos e po\u00f1emos en valor o patrimonio cultural e natural do noso entorno. Por\u00e9n, non cremos en que o Museo deba representarse entre as catro paredes dunha sala, sen\u00f3n que queremos que utilizar o casco hist\u00f3rico de Combarro e a s\u00faa contorna para facer o noso discurso, establecendo as\u00ed un Museo descentralizado, e que se adapte as necesidades da xente de aqu\u00ed e tam\u00e9n dos visitantes.<\/p>\n\n\n\n<p>Retomando a idea da creaci\u00f3n deste espazo paso a paso, a nosa primeira meta ser\u00e1 realizar este ver\u00e1n unha semana de actividades en prol do Museo, sendo o centro destas a exposici\u00f3n da muller e o mar.<\/p>\n\n\n\n<p>Por \u00faltimo, debemos recordar que o establecemento dun centro destas caracter\u00edsticas para Combarro supo\u00f1er\u00eda unha alternativa cultural como centro difusor de co\u00f1ecemento para o pobo, a vez que ser\u00eda un factor a ter en conta en canto a o desenvolvemento econ\u00f3mico da contorna.<\/p>\n\n\n\n<p>O pr\u00f3ximo s\u00e1bado d\u00eda 5 de xu\u00f1o \u00e1s 12:30 no Fogar Armadi\u00f1a presentaremos esta iniciativa as persoas socias da asociaci\u00f3n Armadi\u00f1a. Esta ser\u00e1 o punto de partida dun cami\u00f1o que ten como destino a creaci\u00f3n do MUSEO DE COMBARRO.<\/p>\n","protected":false},"excerpt":{"rendered":"<p>O Museo de Combarro (MUS.CO) xirar\u00e1 en torno a vida labrega e mari\u00f1eira, protexendo a cultura e tradici\u00f3n de Combarro. Dende os anos 50, persoas e colectivos traballaron para a creaci\u00f3n dun Museo na nosa vila que recollese a tradici\u00f3n labrego-mari\u00f1eira que caracteriza ao noso conxunto hist\u00f3rico. Dende fai xa m\u00e1is dun ano, a Asociaci\u00f3n&hellip;&nbsp;<a href=\"https:\/\/museodecombarro.armadinha.gal\/?p=71\" rel=\"bookmark\">Ler m\u00e1is &raquo;<span class=\"screen-reader-text\">MUS.CO, un museo para Combarro<\/span><\/a><\/p>\n","protected":false},"author":1,"featured_media":0,"comment_status":"closed","ping_status":"open","sticky":false,"template":"","format":"standard","meta":{"neve_meta_sidebar":"","neve_meta_container":"","neve_meta_enable_content_width":"","neve_meta_content_width":0,"neve_meta_title_alignment":"","neve_meta_author_avatar":"","neve_post_elements_order":"","neve_meta_disable_header":"","neve_meta_disable_footer":"","neve_meta_disable_title":"","footnotes":""},"categories":[3],"tags":[],"class_list":["post-71","post","type-post","status-publish","format-standard","hentry","category-noticias"],"_links":{"self":[{"href":"https:\/\/museodecombarro.armadinha.gal\/index.php?rest_route=\/wp\/v2\/posts\/71","targetHints":{"allow":["GET"]}}],"collection":[{"href":"https:\/\/museodecombarro.armadinha.gal\/index.php?rest_route=\/wp\/v2\/posts"}],"about":[{"href":"https:\/\/museodecombarro.armadinha.gal\/index.php?rest_route=\/wp\/v2\/types\/post"}],"author":[{"embeddable":true,"href":"https:\/\/museodecombarro.armadinha.gal\/index.php?rest_route=\/wp\/v2\/users\/1"}],"replies":[{"embeddable":true,"href":"https:\/\/museodecombarro.armadinha.gal\/index.php?rest_route=%2Fwp%2Fv2%2Fcomments&post=71"}],"version-history":[{"count":1,"href":"https:\/\/museodecombarro.armadinha.gal\/index.php?rest_route=\/wp\/v2\/posts\/71\/revisions"}],"predecessor-version":[{"id":72,"href":"https:\/\/museodecombarro.armadinha.gal\/index.php?rest_route=\/wp\/v2\/posts\/71\/revisions\/72"}],"wp:attachment":[{"href":"https:\/\/museodecombarro.armadinha.gal\/index.php?rest_route=%2Fwp%2Fv2%2Fmedia&parent=71"}],"wp:term":[{"taxonomy":"category","embeddable":true,"href":"https:\/\/museodecombarro.armadinha.gal\/index.php?rest_route=%2Fwp%2Fv2%2Fcategories&post=71"},{"taxonomy":"post_tag","embeddable":true,"href":"https:\/\/museodecombarro.armadinha.gal\/index.php?rest_route=%2Fwp%2Fv2%2Ftags&post=71"}],"curies":[{"name":"wp","href":"https:\/\/api.w.org\/{rel}","templated":true}]}}