{"id":223,"date":"2022-07-27T11:00:03","date_gmt":"2022-07-27T11:00:03","guid":{"rendered":"https:\/\/museodecombarro.armadinha.gal\/?p=223"},"modified":"2022-07-27T11:00:03","modified_gmt":"2022-07-27T11:00:03","slug":"a-iniciativa-mus-co-na-radio","status":"publish","type":"post","link":"https:\/\/museodecombarro.armadinha.gal\/?p=223","title":{"rendered":"A iniciativa Mus.Co na radio"},"content":{"rendered":"\n<p>Onte foi un d\u00eda moi especial para a iniciativa Mus.Co. Xa non s\u00f3 foi a presentaci\u00f3n da II Semana do Museo e da exposici\u00f3n Xanelas ao Pasado, senon que os compa\u00f1eiros da Comisi\u00f3n do Museo fixemos os nosos primeiros pinitos na radio, e nada menos que na CRTVG!<\/p>\n\n\n\n<p>Dende o seguinte enlace, poderedes acceder \u00e1 entrevista na que participou Marcos A. Pad\u00edn, falando sobre a II Semana do Museo e a Iniciativa Mus.Co no Diario Cultural.<\/p>\n\n\n\n<figure class=\"wp-block-image size-full is-resized\"><a href=\"https:\/\/www.crtvg.es\/rg\/podcast\/diario-cultural-diario-cultural-do-dia-26-07-2022-5761373\"><img loading=\"lazy\" decoding=\"async\" src=\"https:\/\/museodecombarro.armadinha.gal\/wp-content\/uploads\/2022\/07\/diariocultural.png\" alt=\"\" class=\"wp-image-224\" width=\"136\" height=\"91\"\/><\/a><\/figure>\n","protected":false},"excerpt":{"rendered":"<p>Onte foi un d\u00eda moi especial para a iniciativa Mus.Co. Xa non s\u00f3 foi a presentaci\u00f3n da II Semana do Museo e da exposici\u00f3n Xanelas ao Pasado, senon que os compa\u00f1eiros da Comisi\u00f3n do Museo fixemos os nosos primeiros pinitos na radio, e nada menos que na CRTVG! Dende o seguinte enlace, poderedes acceder \u00e1&hellip;&nbsp;<a href=\"https:\/\/museodecombarro.armadinha.gal\/?p=223\" rel=\"bookmark\">Ler m\u00e1is &raquo;<span class=\"screen-reader-text\">A iniciativa Mus.Co na radio<\/span><\/a><\/p>\n","protected":false},"author":1,"featured_media":0,"comment_status":"open","ping_status":"open","sticky":false,"template":"","format":"standard","meta":{"neve_meta_sidebar":"","neve_meta_container":"","neve_meta_enable_content_width":"","neve_meta_content_width":0,"neve_meta_title_alignment":"","neve_meta_author_avatar":"","neve_post_elements_order":"","neve_meta_disable_header":"","neve_meta_disable_footer":"","neve_meta_disable_title":"","footnotes":""},"categories":[1],"tags":[],"class_list":["post-223","post","type-post","status-publish","format-standard","hentry","category-uncategorized"],"_links":{"self":[{"href":"https:\/\/museodecombarro.armadinha.gal\/index.php?rest_route=\/wp\/v2\/posts\/223","targetHints":{"allow":["GET"]}}],"collection":[{"href":"https:\/\/museodecombarro.armadinha.gal\/index.php?rest_route=\/wp\/v2\/posts"}],"about":[{"href":"https:\/\/museodecombarro.armadinha.gal\/index.php?rest_route=\/wp\/v2\/types\/post"}],"author":[{"embeddable":true,"href":"https:\/\/museodecombarro.armadinha.gal\/index.php?rest_route=\/wp\/v2\/users\/1"}],"replies":[{"embeddable":true,"href":"https:\/\/museodecombarro.armadinha.gal\/index.php?rest_route=%2Fwp%2Fv2%2Fcomments&post=223"}],"version-history":[{"count":1,"href":"https:\/\/museodecombarro.armadinha.gal\/index.php?rest_route=\/wp\/v2\/posts\/223\/revisions"}],"predecessor-version":[{"id":225,"href":"https:\/\/museodecombarro.armadinha.gal\/index.php?rest_route=\/wp\/v2\/posts\/223\/revisions\/225"}],"wp:attachment":[{"href":"https:\/\/museodecombarro.armadinha.gal\/index.php?rest_route=%2Fwp%2Fv2%2Fmedia&parent=223"}],"wp:term":[{"taxonomy":"category","embeddable":true,"href":"https:\/\/museodecombarro.armadinha.gal\/index.php?rest_route=%2Fwp%2Fv2%2Fcategories&post=223"},{"taxonomy":"post_tag","embeddable":true,"href":"https:\/\/museodecombarro.armadinha.gal\/index.php?rest_route=%2Fwp%2Fv2%2Ftags&post=223"}],"curies":[{"name":"wp","href":"https:\/\/api.w.org\/{rel}","templated":true}]}}