{"id":214,"date":"2022-07-21T09:04:20","date_gmt":"2022-07-21T09:04:20","guid":{"rendered":"https:\/\/museodecombarro.armadinha.gal\/?p=214"},"modified":"2022-07-21T09:04:20","modified_gmt":"2022-07-21T09:04:20","slug":"chamamento-para-dixitalizar-fotografias","status":"publish","type":"post","link":"https:\/\/museodecombarro.armadinha.gal\/?p=214","title":{"rendered":"Chamamento para Dixitalizar Fotograf\u00edas"},"content":{"rendered":"\n<p>Un dos obxectivos que temos en Mus.Co \u00e9 a creaci\u00f3n dun fondo fotogr\u00e1fico dixital sobre Combarro. Queremos recoller os testemu\u00f1os visuais do noso pasado e gardalos nun lugar ao que todos poidamos acceder para gozar e aprender da nosa cultura e identidade.<\/p>\n\n\n\n<p>Ademais, a quen non lle gusta ver os seus devanceiros con vinte anos?<\/p>\n\n\n\n<p>Se tes imaxes de Combarro e che interesa esta iniciativa, acude ao Fogar da Armadi\u00f1a (Baixada \u00e1 Chousa, 11) entre o 26 e 31 de xullo coas fotos antigas que te\u00f1as na casa para que poidamos dixitalizalas.<\/p>\n\n\n\n<p>Un\u00eddevos! &#x1f917;<\/p>\n\n\n<div class=\"wp-block-image\">\n<figure class=\"aligncenter size-large\"><img loading=\"lazy\" decoding=\"async\" width=\"740\" height=\"1024\" src=\"https:\/\/museodecombarro.armadinha.gal\/wp-content\/uploads\/2022\/07\/cartaz_recollida_fotos-740x1024.jpg\" alt=\"\" class=\"wp-image-215\" srcset=\"https:\/\/museodecombarro.armadinha.gal\/wp-content\/uploads\/2022\/07\/cartaz_recollida_fotos-740x1024.jpg 740w, https:\/\/museodecombarro.armadinha.gal\/wp-content\/uploads\/2022\/07\/cartaz_recollida_fotos-217x300.jpg 217w, https:\/\/museodecombarro.armadinha.gal\/wp-content\/uploads\/2022\/07\/cartaz_recollida_fotos-768x1062.jpg 768w, https:\/\/museodecombarro.armadinha.gal\/wp-content\/uploads\/2022\/07\/cartaz_recollida_fotos-1110x1536.jpg 1110w, https:\/\/museodecombarro.armadinha.gal\/wp-content\/uploads\/2022\/07\/cartaz_recollida_fotos-1480x2048.jpg 1480w, https:\/\/museodecombarro.armadinha.gal\/wp-content\/uploads\/2022\/07\/cartaz_recollida_fotos-scaled.jpg 1851w\" sizes=\"auto, (max-width: 740px) 100vw, 740px\" \/><\/figure>\n<\/div>","protected":false},"excerpt":{"rendered":"<p>Un dos obxectivos que temos en Mus.Co \u00e9 a creaci\u00f3n dun fondo fotogr\u00e1fico dixital sobre Combarro. Queremos recoller os testemu\u00f1os visuais do noso pasado e gardalos nun lugar ao que todos poidamos acceder para gozar e aprender da nosa cultura e identidade. Ademais, a quen non lle gusta ver os seus devanceiros con vinte anos?&hellip;&nbsp;<a href=\"https:\/\/museodecombarro.armadinha.gal\/?p=214\" rel=\"bookmark\">Ler m\u00e1is &raquo;<span class=\"screen-reader-text\">Chamamento para Dixitalizar Fotograf\u00edas<\/span><\/a><\/p>\n","protected":false},"author":1,"featured_media":0,"comment_status":"open","ping_status":"open","sticky":false,"template":"","format":"standard","meta":{"neve_meta_sidebar":"","neve_meta_container":"","neve_meta_enable_content_width":"","neve_meta_content_width":0,"neve_meta_title_alignment":"","neve_meta_author_avatar":"","neve_post_elements_order":"","neve_meta_disable_header":"","neve_meta_disable_footer":"","neve_meta_disable_title":"","footnotes":""},"categories":[3],"tags":[],"class_list":["post-214","post","type-post","status-publish","format-standard","hentry","category-noticias"],"_links":{"self":[{"href":"https:\/\/museodecombarro.armadinha.gal\/index.php?rest_route=\/wp\/v2\/posts\/214","targetHints":{"allow":["GET"]}}],"collection":[{"href":"https:\/\/museodecombarro.armadinha.gal\/index.php?rest_route=\/wp\/v2\/posts"}],"about":[{"href":"https:\/\/museodecombarro.armadinha.gal\/index.php?rest_route=\/wp\/v2\/types\/post"}],"author":[{"embeddable":true,"href":"https:\/\/museodecombarro.armadinha.gal\/index.php?rest_route=\/wp\/v2\/users\/1"}],"replies":[{"embeddable":true,"href":"https:\/\/museodecombarro.armadinha.gal\/index.php?rest_route=%2Fwp%2Fv2%2Fcomments&post=214"}],"version-history":[{"count":1,"href":"https:\/\/museodecombarro.armadinha.gal\/index.php?rest_route=\/wp\/v2\/posts\/214\/revisions"}],"predecessor-version":[{"id":216,"href":"https:\/\/museodecombarro.armadinha.gal\/index.php?rest_route=\/wp\/v2\/posts\/214\/revisions\/216"}],"wp:attachment":[{"href":"https:\/\/museodecombarro.armadinha.gal\/index.php?rest_route=%2Fwp%2Fv2%2Fmedia&parent=214"}],"wp:term":[{"taxonomy":"category","embeddable":true,"href":"https:\/\/museodecombarro.armadinha.gal\/index.php?rest_route=%2Fwp%2Fv2%2Fcategories&post=214"},{"taxonomy":"post_tag","embeddable":true,"href":"https:\/\/museodecombarro.armadinha.gal\/index.php?rest_route=%2Fwp%2Fv2%2Ftags&post=214"}],"curies":[{"name":"wp","href":"https:\/\/api.w.org\/{rel}","templated":true}]}}